{"id":3634,"date":"2023-08-01T14:57:21","date_gmt":"2023-08-01T12:57:21","guid":{"rendered":"https:\/\/www.bluegreenmedical.com\/?p=3634"},"modified":"2023-08-01T14:57:30","modified_gmt":"2023-08-01T12:57:30","slug":"alio-presenta-en-ophta-news-los-resultados-de-300-casos-de-queratopigmentacion-terapeutica","status":"publish","type":"post","link":"https:\/\/www.bluegreenmedical.com\/es\/alio-presenta-en-ophta-news-los-resultados-de-300-casos-de-queratopigmentacion-terapeutica\/","title":{"rendered":"Ali\u00f3 presenta en OPHTA News los resultados de 300 casos de queratopigmentaci\u00f3n terape\u00fatica"},"content":{"rendered":"<div class=\"fusion-fullwidth fullwidth-box fusion-builder-row-1 fusion-flex-container nonhundred-percent-fullwidth non-hundred-percent-height-scrolling\" style=\"--awb-border-radius-top-left:0px;--awb-border-radius-top-right:0px;--awb-border-radius-bottom-right:0px;--awb-border-radius-bottom-left:0px;--awb-flex-wrap:wrap;\" ><div class=\"fusion-builder-row fusion-row fusion-flex-align-items-flex-start fusion-flex-content-wrap\" style=\"max-width:1144px;margin-left: calc(-4% \/ 2 );margin-right: calc(-4% \/ 2 );\"><div class=\"fusion-layout-column fusion_builder_column fusion-builder-column-0 fusion_builder_column_1_1 1_1 fusion-flex-column\" style=\"--awb-bg-size:cover;--awb-width-large:100%;--awb-margin-top-large:0px;--awb-spacing-right-large:1.92%;--awb-margin-bottom-large:0px;--awb-spacing-left-large:1.92%;--awb-width-medium:100%;--awb-spacing-right-medium:1.92%;--awb-spacing-left-medium:1.92%;--awb-width-small:100%;--awb-spacing-right-small:1.92%;--awb-spacing-left-small:1.92%;\"><div class=\"fusion-column-wrapper fusion-flex-justify-content-flex-start fusion-content-layout-column\"><div class=\"fusion-text fusion-text-1\"><h4 class=\"blog-post-title py-2\">Una edici\u00f3n m\u00e1s el Profesor Jorge Ali\u00f3 ha sido part\u00edcipe de este congreso, cuyo objetivo es reunir a los mejores profesionales internacionales para debatir y encontrar formas cada vez m\u00e1s eficaces de tratar las diferentes patolog\u00edas que afectan a la visi\u00f3n. El doctor y profesor acudi\u00f3 al 27\u00ba Congreso `OPHTA\u00b4 News\u00b4 para hablar tambi\u00e9n de cirug\u00eda de cataratas y lentes intraoculares.<\/h4>\n<p>La participaci\u00f3n del doctor Jorge Ali\u00f3 en relevantes encuentros oftalmol\u00f3gicos contin\u00faa con la asistencia al\u00a0<strong>27\u00ba Congreso `OPHTA\u00b4 News\u00b4<\/strong>, celebrado el 30 de junio y 1 de julio en la ciudad francesa de\u00a0<strong>Niza<\/strong>. El catedr\u00e1tico en Oftalmolog\u00eda de la Universidad Miguel Hern\u00e1ndez (UMH) de Elche llev\u00f3 a cabo una importante intervenci\u00f3n al\u00a0<strong>presentar los resultados de 300 casos de queratopigmentaci\u00f3n terape\u00fatica<\/strong>. Y es que Jorge Ali\u00f3 es uno de los mayores expertos en queratopigmentaci\u00f3n, siendo el\u00a0<strong>autor de `Text and Atlas on Corneal Pigmentation\u00b4<\/strong>. Se trata del\u00a0<strong>primer libro en el mundo que habla del cambio de color de ojos<\/strong>\u00a0por razones terap\u00e9uticas o cosm\u00e9ticas, que sirve como referencia a los profesionales de la oftalmolog\u00eda. En \u00e9l ense\u00f1a su\u00a0<strong>pionera t\u00e9cnica de pigmentaci\u00f3n corneal<\/strong>\u00a0que implica la coloraci\u00f3n de la c\u00f3rnea con l\u00e1ser de femtosegundo.<\/p>\n<p>Adem\u00e1s, en esta cita de la salud visual el fundador de las cl\u00ednicas oftalmol\u00f3gicas Vissum (Grupo Miranza) ofreci\u00f3 otras charlas sobre los resultados cl\u00ednicos de la\u00a0<strong>lente intraocular acomodativa Lumina<\/strong>\u00a0medidos por aberrometr\u00eda de campo abierto, y si es factible o no la\u00a0<strong>cirug\u00eda de cataratas en c\u00f3rneas opacas<\/strong>. Asimismo, fue\u00a0<strong>miembro del jurado del concurso de v\u00eddeos<\/strong>\u00a0de la de la Sociedad Europea de Cataratas y Cirug\u00eda Refractiva (ESCRS, por sus siglas en ingl\u00e9s) de la que forma parte de la junta directiva.<\/p>\n<p>Una edici\u00f3n m\u00e1s el Profesor Jorge Ali\u00f3 ha sido part\u00edcipe de este congreso, cuyo objetivo es reunir a los\u00a0<strong>mejores profesionales internacionales<\/strong>\u00a0para debatir y encontrar formas cada vez m\u00e1s eficaces de tratar las diferentes patolog\u00edas que afectan a la visi\u00f3n.<\/p>\n<p>Cabe mencionar que la revista `The Ophthalmologist\u00b4 incluy\u00f3 al Dr. Ali\u00f3 en el puesto\u00a0<strong>12 en el\u00a0<\/strong><strong><em>ranking<\/em><\/strong><strong>\u00a0`The Ophthalmologist Power List 2023\u00b4 de los 100 oftalm\u00f3logos m\u00e1s influyentes<\/strong>\u00a0e inspiradores del mundo, siendo el\u00a0<strong>\u00fanico m\u00e9dico espa\u00f1ol<\/strong>. Asimismo, el segundo\u00a0<em>ranking<\/em>\u00a0de los\u00a0<strong>\u00b4Mejores Cient\u00edficos de Medicina en Espa\u00f1a\u00b4 elaborado por `Research.com\u00b4<\/strong>\u00a0volvi\u00f3 a destacar a Ali\u00f3 entre los m\u00e9dicos investigadores mejor valorados. En esta ocasi\u00f3n,\u00a0<strong>ocupa el<\/strong>\u00a0<strong>puesto 103<\/strong>\u00a0en el \u00e1mbito nacional y el n\u00famero 7.764 mundial. Esta clasificaci\u00f3n es publicada por la\u00a0<strong>plataforma de investigaci\u00f3n, ciencia y medicina\u00a0<\/strong>`Research.com\u00b4, que ofrece datos fiables sobre\u00a0<strong>contribuciones cient\u00edficas desde 2014<\/strong>.<\/p>\n<\/div><\/div><\/div><\/div><\/div>\n","protected":false},"excerpt":{"rendered":"","protected":false},"author":140,"featured_media":3637,"comment_status":"closed","ping_status":"closed","sticky":false,"template":"","format":"standard","meta":{"_glsr_average":0,"_glsr_ranking":0,"_glsr_reviews":0,"footnotes":""},"categories":[24],"tags":[],"class_list":["post-3634","post","type-post","status-publish","format-standard","has-post-thumbnail","hentry","category-sin-categorizar"],"_links":{"self":[{"href":"https:\/\/www.bluegreenmedical.com\/es\/wp-json\/wp\/v2\/posts\/3634","targetHints":{"allow":["GET"]}}],"collection":[{"href":"https:\/\/www.bluegreenmedical.com\/es\/wp-json\/wp\/v2\/posts"}],"about":[{"href":"https:\/\/www.bluegreenmedical.com\/es\/wp-json\/wp\/v2\/types\/post"}],"author":[{"embeddable":true,"href":"https:\/\/www.bluegreenmedical.com\/es\/wp-json\/wp\/v2\/users\/140"}],"replies":[{"embeddable":true,"href":"https:\/\/www.bluegreenmedical.com\/es\/wp-json\/wp\/v2\/comments?post=3634"}],"version-history":[{"count":0,"href":"https:\/\/www.bluegreenmedical.com\/es\/wp-json\/wp\/v2\/posts\/3634\/revisions"}],"wp:featuredmedia":[{"embeddable":true,"href":"https:\/\/www.bluegreenmedical.com\/es\/wp-json\/wp\/v2\/media\/3637"}],"wp:attachment":[{"href":"https:\/\/www.bluegreenmedical.com\/es\/wp-json\/wp\/v2\/media?parent=3634"}],"wp:term":[{"taxonomy":"category","embeddable":true,"href":"https:\/\/www.bluegreenmedical.com\/es\/wp-json\/wp\/v2\/categories?post=3634"},{"taxonomy":"post_tag","embeddable":true,"href":"https:\/\/www.bluegreenmedical.com\/es\/wp-json\/wp\/v2\/tags?post=3634"}],"curies":[{"name":"wp","href":"https:\/\/api.w.org\/{rel}","templated":true}]}}